{"id":18816,"date":"2024-09-27T23:37:48","date_gmt":"2024-09-27T23:37:48","guid":{"rendered":"https:\/\/www.csmiguel.pt\/web\/?p=18816"},"modified":"2024-09-27T23:49:39","modified_gmt":"2024-09-27T23:49:39","slug":"o-vitral","status":"publish","type":"post","link":"https:\/\/www.csmiguel.pt\/web\/o-vitral\/","title":{"rendered":"O Vitral"},"content":{"rendered":"<p style=\"text-align: justify;\"><img fetchpriority=\"high\" decoding=\"async\" class=\"alignleft size-full wp-image-18819\" src=\"https:\/\/www.csmiguel.pt\/web\/wp-content\/uploads\/2024\/09\/vitral-set25-0.png\" alt=\"\" width=\"330\" height=\"220\" srcset=\"https:\/\/www.csmiguel.pt\/web\/wp-content\/uploads\/2024\/09\/vitral-set25-0.png 330w, https:\/\/www.csmiguel.pt\/web\/wp-content\/uploads\/2024\/09\/vitral-set25-0-300x200.png 300w, https:\/\/www.csmiguel.pt\/web\/wp-content\/uploads\/2024\/09\/vitral-set25-0-320x213.png 320w\" sizes=\"(max-width: 330px) 100vw, 330px\" \/>A apresenta\u00e7\u00e3o do vitral, instalado no \u00e1trio principal do Col\u00e9gio de S\u00e3o Miguel e projetado no \u00e2mbito das comemora\u00e7\u00f5es dos 60 anos da institui\u00e7\u00e3o, aconteceu no dia 26 de setembro e contou com a presen\u00e7a de in\u00fameros convidados, entre os quais o Bispo da Diocese de Leiria-F\u00e1tima, D. Jos\u00e9 Ornelas, o Cardeal D. Ant\u00f3nio Marto, o Reitor do Santu\u00e1rio de F\u00e1tima, Pe. Carlos Cabecinhas, o Presidente da C\u00e2mara Municipal de Our\u00e9m, Lu\u00eds Miguel Albuquerque, a Vereadora Micaela Dur\u00e3o, a Vereadora da C\u00e2mara Municipal de Leiria, Anabela Gra\u00e7a, o Presidente da Junta de Freguesia de F\u00e1tima, Humberto Silva e o diretor-geral da DGEstE, Jo\u00e3o Gon\u00e7alves.<\/p>\n<p style=\"text-align: justify;\">O Diretor do Col\u00e9gio, Dr. Manuel Louren\u00e7o, abriu a cerim\u00f3nia com uma breve contextualiza\u00e7\u00e3o relativa \u00e0 obra da autoria da artista S\u00edlvia Patr\u00edcio e executada pelos vitralistas S\u00e9rgio Bernardo e Margarida \u00c2ngelo e destacou que as cerca de 4000 pe\u00e7as ali presentes ser\u00e3o, com certeza, um apelo \u00e0 reflex\u00e3o di\u00e1ria sobre os nossos valores fundacionais: amizade, verdade e exig\u00eancia.<\/p>\n<p style=\"text-align: justify;\">O curador da obra, Dr. Marco Daniel, levou os presentes a viajar desde a ideia inicial do projeto at\u00e9 ao momento presente, destacando a sua simbologia, as cores e formas e chamando sempre a aten\u00e7\u00e3o para detalhes magn\u00edficos que poderiam passar despercebidos ao comum observador.<\/p>\n<p style=\"text-align: justify;\">O Senhor Bispo, D. Jos\u00e9 Ornelas manifestou o seu regozijo e alguma emo\u00e7\u00e3o pela beleza transmitida pela grandiosidade da obra de arte, congratulou todos os envolvidos na idealiza\u00e7\u00e3o e execu\u00e7\u00e3o do projeto e procedeu \u00e0 b\u00ean\u00e7\u00e3o do Vitral.<\/p>\n<p style=\"text-align: justify;\">A noite foi abrilhantada com deliciosos momentos musicais: o primeiro pelos alunos da Schola Cantorum e dos alunos do Col\u00e9gio de S\u00e3o Miguel; depois, as performances de m\u00fasicos do Conservat\u00f3rio de M\u00fasica e Artes do Centro (alunos e professores); e, finalmente, a surpreendente interpreta\u00e7\u00e3o de uma pe\u00e7a de canto l\u00edrico pelo Dr. Jo\u00e3o Gon\u00e7alves, Diretor Geral da DGEstE.<\/p>\n<p style=\"text-align: justify;\">A noite terminou com um jantar festivo onde estiveram presentes, para al\u00e9m dos convidados externos, todos os professores e funcion\u00e1rios do Col\u00e9gio.<\/p>\n<p><img decoding=\"async\" class=\"aligncenter size-full wp-image-18822\" src=\"https:\/\/www.csmiguel.pt\/web\/wp-content\/uploads\/2024\/09\/vitral-set25-3.jpg\" alt=\"\" width=\"1200\" height=\"800\" srcset=\"https:\/\/www.csmiguel.pt\/web\/wp-content\/uploads\/2024\/09\/vitral-set25-3.jpg 1200w, https:\/\/www.csmiguel.pt\/web\/wp-content\/uploads\/2024\/09\/vitral-set25-3-300x200.jpg 300w, https:\/\/www.csmiguel.pt\/web\/wp-content\/uploads\/2024\/09\/vitral-set25-3-1024x683.jpg 1024w, https:\/\/www.csmiguel.pt\/web\/wp-content\/uploads\/2024\/09\/vitral-set25-3-768x512.jpg 768w, https:\/\/www.csmiguel.pt\/web\/wp-content\/uploads\/2024\/09\/vitral-set25-3-320x213.jpg 320w, https:\/\/www.csmiguel.pt\/web\/wp-content\/uploads\/2024\/09\/vitral-set25-3-480x320.jpg 480w, https:\/\/www.csmiguel.pt\/web\/wp-content\/uploads\/2024\/09\/vitral-set25-3-800x533.jpg 800w\" sizes=\"(max-width: 1200px) 100vw, 1200px\" \/><\/p>\n<p><img decoding=\"async\" class=\"aligncenter size-full wp-image-18820\" src=\"https:\/\/www.csmiguel.pt\/web\/wp-content\/uploads\/2024\/09\/vitral-set25-1.jpg\" alt=\"\" width=\"1200\" height=\"800\" srcset=\"https:\/\/www.csmiguel.pt\/web\/wp-content\/uploads\/2024\/09\/vitral-set25-1.jpg 1200w, https:\/\/www.csmiguel.pt\/web\/wp-content\/uploads\/2024\/09\/vitral-set25-1-300x200.jpg 300w, https:\/\/www.csmiguel.pt\/web\/wp-content\/uploads\/2024\/09\/vitral-set25-1-1024x683.jpg 1024w, https:\/\/www.csmiguel.pt\/web\/wp-content\/uploads\/2024\/09\/vitral-set25-1-768x512.jpg 768w, https:\/\/www.csmiguel.pt\/web\/wp-content\/uploads\/2024\/09\/vitral-set25-1-320x213.jpg 320w, https:\/\/www.csmiguel.pt\/web\/wp-content\/uploads\/2024\/09\/vitral-set25-1-480x320.jpg 480w, https:\/\/www.csmiguel.pt\/web\/wp-content\/uploads\/2024\/09\/vitral-set25-1-800x533.jpg 800w\" sizes=\"(max-width: 1200px) 100vw, 1200px\" \/><\/p>\n<p><img loading=\"lazy\" decoding=\"async\" class=\"aligncenter size-full wp-image-18821\" src=\"https:\/\/www.csmiguel.pt\/web\/wp-content\/uploads\/2024\/09\/vitral-set25-2.jpg\" alt=\"\" width=\"1200\" height=\"800\" srcset=\"https:\/\/www.csmiguel.pt\/web\/wp-content\/uploads\/2024\/09\/vitral-set25-2.jpg 1200w, https:\/\/www.csmiguel.pt\/web\/wp-content\/uploads\/2024\/09\/vitral-set25-2-300x200.jpg 300w, https:\/\/www.csmiguel.pt\/web\/wp-content\/uploads\/2024\/09\/vitral-set25-2-1024x683.jpg 1024w, https:\/\/www.csmiguel.pt\/web\/wp-content\/uploads\/2024\/09\/vitral-set25-2-768x512.jpg 768w, https:\/\/www.csmiguel.pt\/web\/wp-content\/uploads\/2024\/09\/vitral-set25-2-320x213.jpg 320w, https:\/\/www.csmiguel.pt\/web\/wp-content\/uploads\/2024\/09\/vitral-set25-2-480x320.jpg 480w, https:\/\/www.csmiguel.pt\/web\/wp-content\/uploads\/2024\/09\/vitral-set25-2-800x533.jpg 800w\" sizes=\"(max-width: 1200px) 100vw, 1200px\" \/><\/p>\n<p><img loading=\"lazy\" decoding=\"async\" class=\"aligncenter size-full wp-image-18823\" src=\"https:\/\/www.csmiguel.pt\/web\/wp-content\/uploads\/2024\/09\/vitral-set25-4.jpg\" alt=\"\" width=\"1200\" height=\"800\" srcset=\"https:\/\/www.csmiguel.pt\/web\/wp-content\/uploads\/2024\/09\/vitral-set25-4.jpg 1200w, https:\/\/www.csmiguel.pt\/web\/wp-content\/uploads\/2024\/09\/vitral-set25-4-300x200.jpg 300w, https:\/\/www.csmiguel.pt\/web\/wp-content\/uploads\/2024\/09\/vitral-set25-4-1024x683.jpg 1024w, https:\/\/www.csmiguel.pt\/web\/wp-content\/uploads\/2024\/09\/vitral-set25-4-768x512.jpg 768w, https:\/\/www.csmiguel.pt\/web\/wp-content\/uploads\/2024\/09\/vitral-set25-4-320x213.jpg 320w, https:\/\/www.csmiguel.pt\/web\/wp-content\/uploads\/2024\/09\/vitral-set25-4-480x320.jpg 480w, https:\/\/www.csmiguel.pt\/web\/wp-content\/uploads\/2024\/09\/vitral-set25-4-800x533.jpg 800w\" sizes=\"(max-width: 1200px) 100vw, 1200px\" \/><\/p>\n<p><img loading=\"lazy\" decoding=\"async\" class=\"aligncenter size-full wp-image-18824\" src=\"https:\/\/www.csmiguel.pt\/web\/wp-content\/uploads\/2024\/09\/vitral-set25-5.jpg\" alt=\"\" width=\"1200\" height=\"800\" srcset=\"https:\/\/www.csmiguel.pt\/web\/wp-content\/uploads\/2024\/09\/vitral-set25-5.jpg 1200w, https:\/\/www.csmiguel.pt\/web\/wp-content\/uploads\/2024\/09\/vitral-set25-5-300x200.jpg 300w, https:\/\/www.csmiguel.pt\/web\/wp-content\/uploads\/2024\/09\/vitral-set25-5-1024x683.jpg 1024w, https:\/\/www.csmiguel.pt\/web\/wp-content\/uploads\/2024\/09\/vitral-set25-5-768x512.jpg 768w, https:\/\/www.csmiguel.pt\/web\/wp-content\/uploads\/2024\/09\/vitral-set25-5-320x213.jpg 320w, https:\/\/www.csmiguel.pt\/web\/wp-content\/uploads\/2024\/09\/vitral-set25-5-480x320.jpg 480w, https:\/\/www.csmiguel.pt\/web\/wp-content\/uploads\/2024\/09\/vitral-set25-5-800x533.jpg 800w\" sizes=\"(max-width: 1200px) 100vw, 1200px\" \/><\/p>\n<p><img loading=\"lazy\" decoding=\"async\" class=\"aligncenter size-full wp-image-18825\" src=\"https:\/\/www.csmiguel.pt\/web\/wp-content\/uploads\/2024\/09\/vitral-set25-6.jpg\" alt=\"\" width=\"1200\" height=\"800\" srcset=\"https:\/\/www.csmiguel.pt\/web\/wp-content\/uploads\/2024\/09\/vitral-set25-6.jpg 1200w, https:\/\/www.csmiguel.pt\/web\/wp-content\/uploads\/2024\/09\/vitral-set25-6-300x200.jpg 300w, https:\/\/www.csmiguel.pt\/web\/wp-content\/uploads\/2024\/09\/vitral-set25-6-1024x683.jpg 1024w, https:\/\/www.csmiguel.pt\/web\/wp-content\/uploads\/2024\/09\/vitral-set25-6-768x512.jpg 768w, https:\/\/www.csmiguel.pt\/web\/wp-content\/uploads\/2024\/09\/vitral-set25-6-320x213.jpg 320w, https:\/\/www.csmiguel.pt\/web\/wp-content\/uploads\/2024\/09\/vitral-set25-6-480x320.jpg 480w, https:\/\/www.csmiguel.pt\/web\/wp-content\/uploads\/2024\/09\/vitral-set25-6-800x533.jpg 800w\" sizes=\"(max-width: 1200px) 100vw, 1200px\" \/><\/p>\n<p><img loading=\"lazy\" decoding=\"async\" class=\"aligncenter size-full wp-image-18817\" src=\"https:\/\/www.csmiguel.pt\/web\/wp-content\/uploads\/2024\/09\/vitral-set25-7.jpg\" alt=\"\" width=\"1200\" height=\"800\" srcset=\"https:\/\/www.csmiguel.pt\/web\/wp-content\/uploads\/2024\/09\/vitral-set25-7.jpg 1200w, https:\/\/www.csmiguel.pt\/web\/wp-content\/uploads\/2024\/09\/vitral-set25-7-300x200.jpg 300w, https:\/\/www.csmiguel.pt\/web\/wp-content\/uploads\/2024\/09\/vitral-set25-7-1024x683.jpg 1024w, https:\/\/www.csmiguel.pt\/web\/wp-content\/uploads\/2024\/09\/vitral-set25-7-768x512.jpg 768w, https:\/\/www.csmiguel.pt\/web\/wp-content\/uploads\/2024\/09\/vitral-set25-7-320x213.jpg 320w, https:\/\/www.csmiguel.pt\/web\/wp-content\/uploads\/2024\/09\/vitral-set25-7-480x320.jpg 480w, https:\/\/www.csmiguel.pt\/web\/wp-content\/uploads\/2024\/09\/vitral-set25-7-800x533.jpg 800w\" sizes=\"(max-width: 1200px) 100vw, 1200px\" \/><\/p>\n<p><img loading=\"lazy\" decoding=\"async\" class=\"aligncenter size-full wp-image-18818\" src=\"https:\/\/www.csmiguel.pt\/web\/wp-content\/uploads\/2024\/09\/vitral-set25-8.jpg\" alt=\"\" width=\"1200\" height=\"800\" srcset=\"https:\/\/www.csmiguel.pt\/web\/wp-content\/uploads\/2024\/09\/vitral-set25-8.jpg 1200w, https:\/\/www.csmiguel.pt\/web\/wp-content\/uploads\/2024\/09\/vitral-set25-8-300x200.jpg 300w, https:\/\/www.csmiguel.pt\/web\/wp-content\/uploads\/2024\/09\/vitral-set25-8-1024x683.jpg 1024w, https:\/\/www.csmiguel.pt\/web\/wp-content\/uploads\/2024\/09\/vitral-set25-8-768x512.jpg 768w, https:\/\/www.csmiguel.pt\/web\/wp-content\/uploads\/2024\/09\/vitral-set25-8-320x213.jpg 320w, https:\/\/www.csmiguel.pt\/web\/wp-content\/uploads\/2024\/09\/vitral-set25-8-480x320.jpg 480w, https:\/\/www.csmiguel.pt\/web\/wp-content\/uploads\/2024\/09\/vitral-set25-8-800x533.jpg 800w\" sizes=\"(max-width: 1200px) 100vw, 1200px\" \/><\/p>\n","protected":false},"excerpt":{"rendered":"<p>A apresenta\u00e7\u00e3o do vitral, instalado no \u00e1trio principal do Col\u00e9gio de S\u00e3o Miguel e projetado no \u00e2mbito das comemora\u00e7\u00f5es dos 60 anos da institui\u00e7\u00e3o, aconteceu no dia 26 de setembro e contou com a presen\u00e7a de in\u00fameros convidados, entre os quais o Bispo da Diocese de Leiria-F\u00e1tima, D. Jos\u00e9 Ornelas, o Cardeal D. Ant\u00f3nio Marto, o Reitor do Santu\u00e1rio de F\u00e1tima, Pe. Carlos Cabecinhas, o Presidente da C\u00e2mara Municipal de Our\u00e9m, Lu\u00eds Miguel Albuquerque, a Vereadora Micaela Dur\u00e3o, a Vereadora &#8230;<\/p>\n","protected":false},"author":5,"featured_media":18819,"comment_status":"closed","ping_status":"open","sticky":false,"template":"","format":"standard","meta":{"pgc_meta":"","_monsterinsights_skip_tracking":false,"_monsterinsights_sitenote_active":false,"_monsterinsights_sitenote_note":"","_monsterinsights_sitenote_category":0,"iawp_total_views":135,"footnotes":""},"categories":[95],"tags":[],"class_list":["post-18816","post","type-post","status-publish","format-standard","has-post-thumbnail","hentry","category-noticias1718"],"_links":{"self":[{"href":"https:\/\/www.csmiguel.pt\/web\/wp-json\/wp\/v2\/posts\/18816"}],"collection":[{"href":"https:\/\/www.csmiguel.pt\/web\/wp-json\/wp\/v2\/posts"}],"about":[{"href":"https:\/\/www.csmiguel.pt\/web\/wp-json\/wp\/v2\/types\/post"}],"author":[{"embeddable":true,"href":"https:\/\/www.csmiguel.pt\/web\/wp-json\/wp\/v2\/users\/5"}],"replies":[{"embeddable":true,"href":"https:\/\/www.csmiguel.pt\/web\/wp-json\/wp\/v2\/comments?post=18816"}],"version-history":[{"count":2,"href":"https:\/\/www.csmiguel.pt\/web\/wp-json\/wp\/v2\/posts\/18816\/revisions"}],"predecessor-version":[{"id":18827,"href":"https:\/\/www.csmiguel.pt\/web\/wp-json\/wp\/v2\/posts\/18816\/revisions\/18827"}],"wp:featuredmedia":[{"embeddable":true,"href":"https:\/\/www.csmiguel.pt\/web\/wp-json\/wp\/v2\/media\/18819"}],"wp:attachment":[{"href":"https:\/\/www.csmiguel.pt\/web\/wp-json\/wp\/v2\/media?parent=18816"}],"wp:term":[{"taxonomy":"category","embeddable":true,"href":"https:\/\/www.csmiguel.pt\/web\/wp-json\/wp\/v2\/categories?post=18816"},{"taxonomy":"post_tag","embeddable":true,"href":"https:\/\/www.csmiguel.pt\/web\/wp-json\/wp\/v2\/tags?post=18816"}],"curies":[{"name":"wp","href":"https:\/\/api.w.org\/{rel}","templated":true}]}}