{"id":18810,"date":"2024-09-24T16:28:26","date_gmt":"2024-09-24T16:28:26","guid":{"rendered":"https:\/\/www.csmiguel.pt\/web\/?p=18810"},"modified":"2024-09-24T16:28:26","modified_gmt":"2024-09-24T16:28:26","slug":"professoras-em-gent-belgica-erasmus","status":"publish","type":"post","link":"https:\/\/www.csmiguel.pt\/web\/professoras-em-gent-belgica-erasmus\/","title":{"rendered":"Professoras em Gent, B\u00e9lgica &#8211; Erasmus+"},"content":{"rendered":"<p style=\"text-align: justify;\"><img fetchpriority=\"high\" decoding=\"async\" class=\"alignleft size-full wp-image-18812\" src=\"https:\/\/www.csmiguel.pt\/web\/wp-content\/uploads\/2024\/09\/erasmus-set25-0.png\" alt=\"\" width=\"330\" height=\"220\" srcset=\"https:\/\/www.csmiguel.pt\/web\/wp-content\/uploads\/2024\/09\/erasmus-set25-0.png 330w, https:\/\/www.csmiguel.pt\/web\/wp-content\/uploads\/2024\/09\/erasmus-set25-0-300x200.png 300w, https:\/\/www.csmiguel.pt\/web\/wp-content\/uploads\/2024\/09\/erasmus-set25-0-320x213.png 320w\" sizes=\"(max-width: 330px) 100vw, 330px\" \/>No \u00e2mbito do projeto Erasmus+, as professoras Cl\u00e1udia Santos, H\u00e9lia Salvado e S\u00edlvia Gomes tiveram a oportunidade de frequentar um curso de forma\u00e7\u00e3o cujo mote foi neuroci\u00eancia.<\/p>\n<p style=\"text-align: justify;\">Em Gent, B\u00e9lgica, aquelas professoras tiveram, durante uma semana, uma experi\u00eancia de aprendizagem enriquecedora para os seus curr\u00edculos e que ter\u00e1, certamente, impacto positivo nas suas pr\u00e1ticas letivas e na rela\u00e7\u00e3o pedag\u00f3gica. O curso de forma\u00e7\u00e3o \u2013 \u201cNeuroci\u00eancia: compreender como os alunos aprendem\u201d, constitu\u00eddo por m\u00f3dulos como Aten\u00e7\u00e3o, Mem\u00f3ria, Aprendizagem, C\u00e9rebro e Emo\u00e7\u00f5es, Motiva\u00e7\u00e3o, Neurodiversidade, permitiu n\u00e3o s\u00f3 uma abordagem te\u00f3rica, mas mais importante, uma aplica\u00e7\u00e3o pr\u00e1tica ao contexto de sala de aula, cada vez mais diversificada e, por isso, desafiante.<\/p>\n<p style=\"text-align: justify;\">Nesta din\u00e2mica de aprendizagem, as professoras do Col\u00e9gio tiveram tamb\u00e9m a oportunidade de contactar com professores de outros pa\u00edses europeus e de diferentes \u00e1reas disciplinares, o que tornou esta experi\u00eancia ainda mais interessante e enriquecedora.<\/p>\n<p style=\"text-align: justify;\">Houve, naturalmente, a oportunidade de conhecer algumas das bonitas cidades da Flandres e de provar algumas das iguarias belgas.<\/p>\n<p style=\"text-align: justify;\">Desta experi\u00eancia ficou a certeza que o Col\u00e9gio de S\u00e3o Miguel \u00e9 uma escola que est\u00e1 na linha da frente, em termos de estrat\u00e9gias de ensino e de aprendizagem, e que continuar\u00e1 a apostar na forma\u00e7\u00e3o do seu corpo docente.<\/p>\n<p><img decoding=\"async\" class=\"aligncenter size-full wp-image-18811\" src=\"https:\/\/www.csmiguel.pt\/web\/wp-content\/uploads\/2024\/09\/erasmus-set25-1.jpg\" alt=\"\" width=\"1784\" height=\"1145\" srcset=\"https:\/\/www.csmiguel.pt\/web\/wp-content\/uploads\/2024\/09\/erasmus-set25-1.jpg 1784w, https:\/\/www.csmiguel.pt\/web\/wp-content\/uploads\/2024\/09\/erasmus-set25-1-300x193.jpg 300w, https:\/\/www.csmiguel.pt\/web\/wp-content\/uploads\/2024\/09\/erasmus-set25-1-1024x657.jpg 1024w, https:\/\/www.csmiguel.pt\/web\/wp-content\/uploads\/2024\/09\/erasmus-set25-1-768x493.jpg 768w, https:\/\/www.csmiguel.pt\/web\/wp-content\/uploads\/2024\/09\/erasmus-set25-1-1536x986.jpg 1536w, https:\/\/www.csmiguel.pt\/web\/wp-content\/uploads\/2024\/09\/erasmus-set25-1-320x205.jpg 320w, https:\/\/www.csmiguel.pt\/web\/wp-content\/uploads\/2024\/09\/erasmus-set25-1-480x308.jpg 480w, https:\/\/www.csmiguel.pt\/web\/wp-content\/uploads\/2024\/09\/erasmus-set25-1-800x513.jpg 800w\" sizes=\"(max-width: 1784px) 100vw, 1784px\" \/><\/p>\n","protected":false},"excerpt":{"rendered":"<p>No \u00e2mbito do projeto Erasmus+, as professoras Cl\u00e1udia Santos, H\u00e9lia Salvado e S\u00edlvia Gomes tiveram a oportunidade de frequentar um curso de forma\u00e7\u00e3o cujo mote foi neuroci\u00eancia.<br \/>\nEm Gent, B\u00e9lgica, aquelas professoras tiveram, durante uma semana, uma experi\u00eancia de aprendizagem enriquecedora para os seus curr\u00edculos e que ter\u00e1, certamente, impacto positivo nas suas pr\u00e1ticas letivas e na rela\u00e7\u00e3o pedag\u00f3gica. O curso de forma\u00e7\u00e3o \u2013 \u201cNeuroci\u00eancia: compreender como os alunos aprendem\u201d, constitu\u00eddo por m\u00f3dulos como Aten\u00e7\u00e3o, Mem\u00f3ria, Aprendizagem, C\u00e9rebro e Emo\u00e7\u00f5es, &#8230;<\/p>\n","protected":false},"author":5,"featured_media":18812,"comment_status":"closed","ping_status":"open","sticky":false,"template":"","format":"standard","meta":{"pgc_meta":"","_monsterinsights_skip_tracking":false,"_monsterinsights_sitenote_active":false,"_monsterinsights_sitenote_note":"","_monsterinsights_sitenote_category":0,"iawp_total_views":66,"footnotes":""},"categories":[95],"tags":[],"class_list":["post-18810","post","type-post","status-publish","format-standard","has-post-thumbnail","hentry","category-noticias1718"],"_links":{"self":[{"href":"https:\/\/www.csmiguel.pt\/web\/wp-json\/wp\/v2\/posts\/18810"}],"collection":[{"href":"https:\/\/www.csmiguel.pt\/web\/wp-json\/wp\/v2\/posts"}],"about":[{"href":"https:\/\/www.csmiguel.pt\/web\/wp-json\/wp\/v2\/types\/post"}],"author":[{"embeddable":true,"href":"https:\/\/www.csmiguel.pt\/web\/wp-json\/wp\/v2\/users\/5"}],"replies":[{"embeddable":true,"href":"https:\/\/www.csmiguel.pt\/web\/wp-json\/wp\/v2\/comments?post=18810"}],"version-history":[{"count":1,"href":"https:\/\/www.csmiguel.pt\/web\/wp-json\/wp\/v2\/posts\/18810\/revisions"}],"predecessor-version":[{"id":18813,"href":"https:\/\/www.csmiguel.pt\/web\/wp-json\/wp\/v2\/posts\/18810\/revisions\/18813"}],"wp:featuredmedia":[{"embeddable":true,"href":"https:\/\/www.csmiguel.pt\/web\/wp-json\/wp\/v2\/media\/18812"}],"wp:attachment":[{"href":"https:\/\/www.csmiguel.pt\/web\/wp-json\/wp\/v2\/media?parent=18810"}],"wp:term":[{"taxonomy":"category","embeddable":true,"href":"https:\/\/www.csmiguel.pt\/web\/wp-json\/wp\/v2\/categories?post=18810"},{"taxonomy":"post_tag","embeddable":true,"href":"https:\/\/www.csmiguel.pt\/web\/wp-json\/wp\/v2\/tags?post=18810"}],"curies":[{"name":"wp","href":"https:\/\/api.w.org\/{rel}","templated":true}]}}