{"id":18476,"date":"2024-01-02T17:22:55","date_gmt":"2024-01-02T17:22:55","guid":{"rendered":"https:\/\/www.csmiguel.pt\/web\/?p=18476"},"modified":"2024-01-02T17:22:55","modified_gmt":"2024-01-02T17:22:55","slug":"parlamento-dos-jovens-deputado","status":"publish","type":"post","link":"https:\/\/www.csmiguel.pt\/web\/parlamento-dos-jovens-deputado\/","title":{"rendered":"Parlamento dos Jovens"},"content":{"rendered":"<p style=\"text-align: justify;\"><img fetchpriority=\"high\" decoding=\"async\" class=\"alignleft size-full wp-image-18477\" src=\"https:\/\/www.csmiguel.pt\/web\/wp-content\/uploads\/2024\/01\/deputados-dez23-0.png\" alt=\"\" width=\"330\" height=\"220\" srcset=\"https:\/\/www.csmiguel.pt\/web\/wp-content\/uploads\/2024\/01\/deputados-dez23-0.png 330w, https:\/\/www.csmiguel.pt\/web\/wp-content\/uploads\/2024\/01\/deputados-dez23-0-300x200.png 300w, https:\/\/www.csmiguel.pt\/web\/wp-content\/uploads\/2024\/01\/deputados-dez23-0-320x213.png 320w\" sizes=\"(max-width: 330px) 100vw, 330px\" \/>No dia 18 de dezembro, os alunos do 11.\u00b0 ano e integrantes das listas candidatas ao Parlamento de Jovens 2023\/2024, tiveram o privil\u00e9gio de receber, no Col\u00e9gio, o Senhor Deputado Francisco Dinis, do Partido Socialista. No mesmo dia, os alunos do 3.\u00ba ciclo acolheram o Senhor Deputado Pedro dos Santos Fraz\u00e3o, do partido Chega.<\/p>\n<p style=\"text-align: justify;\">Durante as sess\u00f5es os alunos tiveram a oportunidade de interagir e esclarecer as suas d\u00favidas. Foi sem d\u00favida uma partilha enriquecedora e muito interessante, dando-nos a possibilidade de conhecer n\u00e3o s\u00f3 como funciona a Assembleia da Rep\u00fablica, como tamb\u00e9m de perceber como um pol\u00edtico organiza o seu dia-a-dia.<\/p>\n<p style=\"text-align: justify;\">Foi uma experi\u00eancia fant\u00e1stica!<\/p>\n<p style=\"text-align: left;\"><em>Lara Manso e Mafalda Fraz\u00e3o, 11\u00b0A<\/em><\/p>\n<p>&nbsp;<\/p>\n<p><img decoding=\"async\" class=\"aligncenter size-full wp-image-18478\" src=\"https:\/\/www.csmiguel.pt\/web\/wp-content\/uploads\/2024\/01\/deputados-dez23-1.jpg\" alt=\"\" width=\"1200\" height=\"800\" srcset=\"https:\/\/www.csmiguel.pt\/web\/wp-content\/uploads\/2024\/01\/deputados-dez23-1.jpg 1200w, https:\/\/www.csmiguel.pt\/web\/wp-content\/uploads\/2024\/01\/deputados-dez23-1-300x200.jpg 300w, https:\/\/www.csmiguel.pt\/web\/wp-content\/uploads\/2024\/01\/deputados-dez23-1-1024x683.jpg 1024w, https:\/\/www.csmiguel.pt\/web\/wp-content\/uploads\/2024\/01\/deputados-dez23-1-768x512.jpg 768w, https:\/\/www.csmiguel.pt\/web\/wp-content\/uploads\/2024\/01\/deputados-dez23-1-320x213.jpg 320w, https:\/\/www.csmiguel.pt\/web\/wp-content\/uploads\/2024\/01\/deputados-dez23-1-480x320.jpg 480w, https:\/\/www.csmiguel.pt\/web\/wp-content\/uploads\/2024\/01\/deputados-dez23-1-800x533.jpg 800w\" sizes=\"(max-width: 1200px) 100vw, 1200px\" \/><\/p>\n<p><img decoding=\"async\" class=\"aligncenter size-full wp-image-18479\" src=\"https:\/\/www.csmiguel.pt\/web\/wp-content\/uploads\/2024\/01\/deputados-dez23-2.jpg\" alt=\"\" width=\"1200\" height=\"800\" srcset=\"https:\/\/www.csmiguel.pt\/web\/wp-content\/uploads\/2024\/01\/deputados-dez23-2.jpg 1200w, https:\/\/www.csmiguel.pt\/web\/wp-content\/uploads\/2024\/01\/deputados-dez23-2-300x200.jpg 300w, https:\/\/www.csmiguel.pt\/web\/wp-content\/uploads\/2024\/01\/deputados-dez23-2-1024x683.jpg 1024w, https:\/\/www.csmiguel.pt\/web\/wp-content\/uploads\/2024\/01\/deputados-dez23-2-768x512.jpg 768w, https:\/\/www.csmiguel.pt\/web\/wp-content\/uploads\/2024\/01\/deputados-dez23-2-320x213.jpg 320w, https:\/\/www.csmiguel.pt\/web\/wp-content\/uploads\/2024\/01\/deputados-dez23-2-480x320.jpg 480w, https:\/\/www.csmiguel.pt\/web\/wp-content\/uploads\/2024\/01\/deputados-dez23-2-800x533.jpg 800w\" sizes=\"(max-width: 1200px) 100vw, 1200px\" \/><\/p>\n","protected":false},"excerpt":{"rendered":"<p>No dia 18 de dezembro, os alunos do 11.\u00b0 ano e integrantes das listas candidatas ao Parlamento de Jovens 2023\/2024, tiveram o privil\u00e9gio de receber, no Col\u00e9gio, o Senhor Deputado Francisco Dinis, do Partido Socialista. No mesmo dia, os alunos do 3.\u00ba ciclo acolheram o Senhor Deputado Pedro dos Santos Fraz\u00e3o, do partido Chega.<br \/>\nDurante as sess\u00f5es os alunos tiveram a oportunidade de interagir e esclarecer as suas d\u00favidas. Foi sem d\u00favida uma partilha enriquecedora e muito interessante, dando-nos a &#8230;<\/p>\n","protected":false},"author":5,"featured_media":18477,"comment_status":"closed","ping_status":"open","sticky":false,"template":"","format":"standard","meta":{"pgc_meta":"","_monsterinsights_skip_tracking":false,"_monsterinsights_sitenote_active":false,"_monsterinsights_sitenote_note":"","_monsterinsights_sitenote_category":0,"iawp_total_views":52,"footnotes":""},"categories":[95],"tags":[],"class_list":["post-18476","post","type-post","status-publish","format-standard","has-post-thumbnail","hentry","category-noticias1718"],"_links":{"self":[{"href":"https:\/\/www.csmiguel.pt\/web\/wp-json\/wp\/v2\/posts\/18476"}],"collection":[{"href":"https:\/\/www.csmiguel.pt\/web\/wp-json\/wp\/v2\/posts"}],"about":[{"href":"https:\/\/www.csmiguel.pt\/web\/wp-json\/wp\/v2\/types\/post"}],"author":[{"embeddable":true,"href":"https:\/\/www.csmiguel.pt\/web\/wp-json\/wp\/v2\/users\/5"}],"replies":[{"embeddable":true,"href":"https:\/\/www.csmiguel.pt\/web\/wp-json\/wp\/v2\/comments?post=18476"}],"version-history":[{"count":1,"href":"https:\/\/www.csmiguel.pt\/web\/wp-json\/wp\/v2\/posts\/18476\/revisions"}],"predecessor-version":[{"id":18480,"href":"https:\/\/www.csmiguel.pt\/web\/wp-json\/wp\/v2\/posts\/18476\/revisions\/18480"}],"wp:featuredmedia":[{"embeddable":true,"href":"https:\/\/www.csmiguel.pt\/web\/wp-json\/wp\/v2\/media\/18477"}],"wp:attachment":[{"href":"https:\/\/www.csmiguel.pt\/web\/wp-json\/wp\/v2\/media?parent=18476"}],"wp:term":[{"taxonomy":"category","embeddable":true,"href":"https:\/\/www.csmiguel.pt\/web\/wp-json\/wp\/v2\/categories?post=18476"},{"taxonomy":"post_tag","embeddable":true,"href":"https:\/\/www.csmiguel.pt\/web\/wp-json\/wp\/v2\/tags?post=18476"}],"curies":[{"name":"wp","href":"https:\/\/api.w.org\/{rel}","templated":true}]}}