{"id":18259,"date":"2023-10-11T09:55:58","date_gmt":"2023-10-11T09:55:58","guid":{"rendered":"https:\/\/www.csmiguel.pt\/web\/?p=18259"},"modified":"2023-10-11T09:58:42","modified_gmt":"2023-10-11T09:58:42","slug":"erasmus-out23","status":"publish","type":"post","link":"https:\/\/www.csmiguel.pt\/web\/erasmus-out23\/","title":{"rendered":"ERASMUS+ em Barcelona"},"content":{"rendered":"<div class=\"vce-row-container\" data-vce-boxed-width=\"true\"><div class=\"vce-row vce-row--col-gap-30 vce-row-equal-height vce-row-content--top\" id=\"el-65e34693\" data-vce-do-apply=\"all el-65e34693\"><div class=\"vce-row-content\" data-vce-element-content=\"true\"><div class=\"vce-col vce-col--md-auto vce-col--xs-1 vce-col--xs-last vce-col--xs-first vce-col--sm-last vce-col--sm-first vce-col--md-last vce-col--lg-last vce-col--xl-last vce-col--md-first vce-col--lg-first vce-col--xl-first\" id=\"el-0757d5d0\"><div class=\"vce-col-inner\" data-vce-do-apply=\"border margin background  el-0757d5d0\"><div class=\"vce-col-content\" data-vce-element-content=\"true\" data-vce-do-apply=\"padding el-0757d5d0\"><div><\/div><\/div><\/div><\/div><\/div><\/div><\/div><div class=\"vce-row-container\" data-vce-boxed-width=\"true\"><div class=\"vce-row vce-row--col-gap-30 vce-row-equal-height vce-row-content--top\" id=\"el-427f0626\" data-vce-do-apply=\"all el-427f0626\"><div class=\"vce-row-content\" data-vce-element-content=\"true\"><div class=\"vce-col vce-col--md-auto vce-col--xs-1 vce-col--xs-last vce-col--xs-first vce-col--sm-last vce-col--sm-first vce-col--md-last vce-col--lg-last vce-col--xl-last vce-col--md-first vce-col--lg-first vce-col--xl-first\" id=\"el-a4f926eb\"><div class=\"vce-col-inner\" data-vce-do-apply=\"border margin background  el-a4f926eb\"><div class=\"vce-col-content\" data-vce-element-content=\"true\" data-vce-do-apply=\"padding el-a4f926eb\"><div class=\"vce-text-block\"><div class=\"vce-text-block-wrapper vce\" id=\"el-996243e3\" data-vce-do-apply=\"all el-996243e3\"><p style=\"text-align: justify;\"><img fetchpriority=\"high\" decoding=\"async\" class=\"alignleft size-full wp-image-18261\" src=\"https:\/\/www.csmiguel.pt\/web\/wp-content\/uploads\/2023\/10\/barcelona-out23.png\" alt=\"\" width=\"330\" height=\"220\" srcset=\"https:\/\/www.csmiguel.pt\/web\/wp-content\/uploads\/2023\/10\/barcelona-out23.png 330w, https:\/\/www.csmiguel.pt\/web\/wp-content\/uploads\/2023\/10\/barcelona-out23-300x200.png 300w, https:\/\/www.csmiguel.pt\/web\/wp-content\/uploads\/2023\/10\/barcelona-out23-320x213.png 320w\" sizes=\"(max-width: 330px) 100vw, 330px\" \/>Tr\u00eas professoras de ingl\u00eas do Col\u00e9gio de S\u00e3o Miguel participaram numa forma\u00e7\u00e3o no \u00e2mbito do programa Erasmus+, em Barcelona, juntamente com outros parceiros europeus.<\/p><br><p style=\"text-align: justify;\">O uso das novas tecnologias em quase todas as \u00e1reas das nossas vidas influencia, tamb\u00e9m, a educa\u00e7\u00e3o, o modo como hoje se ensina e aprende e dita um modo novo de estar no espa\u00e7o educativo. O programa Erasmus+ \u00e9 um instrumento fundamental neste contexto, para promover a aprendizagem e a coopera\u00e7\u00e3o estrat\u00e9gica europeia no dom\u00ednio do ensino e forma\u00e7\u00e3o, bem como a constru\u00e7\u00e3o de um Espa\u00e7o Europeu da Educa\u00e7\u00e3o. Neste \u00e2mbito, o Col\u00e9gio de S\u00e3o Miguel continua a apoiar as a\u00e7\u00f5es integradas neste programa, pelo que tr\u00eas docentes participaram na forma\u00e7\u00e3o \u201cThe Best Digital Tools for Language Teachers\u201d, conduzida pela Europass Teacher Academy, que decorreu entre os dias 18 e 23 de setembro, em Barcelona.<\/p><br><p style=\"text-align: justify;\">As professoras tiveram oportunidade de aprender mais sobre a utiliza\u00e7\u00e3o de v\u00e1rias ferramentas e recursos digitais, de forma a promover um maior envolvimento dos alunos, e a estimular a sua autonomia, enquanto elementos ativos no processo de desenvolvimento das diversas compet\u00eancias inerentes ao ensino e aprendizagem de uma l\u00edngua estrangeira, conduzindo-os ao maior sucesso acad\u00e9mico e pessoal.<\/p><br><p style=\"text-align: justify;\">Durante a forma\u00e7\u00e3o, foram abordadas realidades que dizem respeito \u00e0 escola atual, \u00e0s quais esta tem que dar resposta, nomeadamente a heterogeneidade e cultura dos alunos que a integram e a diversidade de ritmos de aprendizagem.<\/p><br><p style=\"text-align: justify;\">Houve, ainda, oportunidade de partilhar experi\u00eancias profissionais e culturais com as restantes parceiras europeias provenientes de It\u00e1lia, R\u00e9publica Checa, B\u00e9lgica, Pol\u00f3nia, Alemanha e Noruega, bem como usufruir de toda a riqueza cultural da cidade catal\u00e3 de Barcelona.<\/p><br><img decoding=\"async\" class=\"aligncenter size-full wp-image-18260\" src=\"https:\/\/www.csmiguel.pt\/web\/wp-content\/uploads\/2023\/10\/barcelona-out23-2.jpg\" alt=\"\" width=\"1329\" height=\"720\" srcset=\"https:\/\/www.csmiguel.pt\/web\/wp-content\/uploads\/2023\/10\/barcelona-out23-2.jpg 1329w, https:\/\/www.csmiguel.pt\/web\/wp-content\/uploads\/2023\/10\/barcelona-out23-2-300x163.jpg 300w, https:\/\/www.csmiguel.pt\/web\/wp-content\/uploads\/2023\/10\/barcelona-out23-2-1024x555.jpg 1024w, https:\/\/www.csmiguel.pt\/web\/wp-content\/uploads\/2023\/10\/barcelona-out23-2-768x416.jpg 768w, https:\/\/www.csmiguel.pt\/web\/wp-content\/uploads\/2023\/10\/barcelona-out23-2-320x173.jpg 320w, https:\/\/www.csmiguel.pt\/web\/wp-content\/uploads\/2023\/10\/barcelona-out23-2-480x260.jpg 480w, https:\/\/www.csmiguel.pt\/web\/wp-content\/uploads\/2023\/10\/barcelona-out23-2-800x433.jpg 800w\" sizes=\"(max-width: 1329px) 100vw, 1329px\" \/><br><br><img decoding=\"async\" class=\"aligncenter size-full wp-image-18262\" src=\"https:\/\/www.csmiguel.pt\/web\/wp-content\/uploads\/2023\/10\/barcelona-out23-4.jpg\" alt=\"\" width=\"1200\" height=\"1600\" srcset=\"https:\/\/www.csmiguel.pt\/web\/wp-content\/uploads\/2023\/10\/barcelona-out23-4.jpg 1200w, https:\/\/www.csmiguel.pt\/web\/wp-content\/uploads\/2023\/10\/barcelona-out23-4-225x300.jpg 225w, https:\/\/www.csmiguel.pt\/web\/wp-content\/uploads\/2023\/10\/barcelona-out23-4-768x1024.jpg 768w, https:\/\/www.csmiguel.pt\/web\/wp-content\/uploads\/2023\/10\/barcelona-out23-4-1152x1536.jpg 1152w, https:\/\/www.csmiguel.pt\/web\/wp-content\/uploads\/2023\/10\/barcelona-out23-4-320x427.jpg 320w, https:\/\/www.csmiguel.pt\/web\/wp-content\/uploads\/2023\/10\/barcelona-out23-4-480x640.jpg 480w, https:\/\/www.csmiguel.pt\/web\/wp-content\/uploads\/2023\/10\/barcelona-out23-4-800x1067.jpg 800w\" sizes=\"(max-width: 1200px) 100vw, 1200px\" \/><br><br><img loading=\"lazy\" decoding=\"async\" class=\"aligncenter size-full wp-image-18263\" src=\"https:\/\/www.csmiguel.pt\/web\/wp-content\/uploads\/2023\/10\/barcelona-out23-3.jpg\" alt=\"\" width=\"1200\" height=\"900\" srcset=\"https:\/\/www.csmiguel.pt\/web\/wp-content\/uploads\/2023\/10\/barcelona-out23-3.jpg 1200w, https:\/\/www.csmiguel.pt\/web\/wp-content\/uploads\/2023\/10\/barcelona-out23-3-300x225.jpg 300w, https:\/\/www.csmiguel.pt\/web\/wp-content\/uploads\/2023\/10\/barcelona-out23-3-1024x768.jpg 1024w, https:\/\/www.csmiguel.pt\/web\/wp-content\/uploads\/2023\/10\/barcelona-out23-3-768x576.jpg 768w, https:\/\/www.csmiguel.pt\/web\/wp-content\/uploads\/2023\/10\/barcelona-out23-3-320x240.jpg 320w, https:\/\/www.csmiguel.pt\/web\/wp-content\/uploads\/2023\/10\/barcelona-out23-3-480x360.jpg 480w, https:\/\/www.csmiguel.pt\/web\/wp-content\/uploads\/2023\/10\/barcelona-out23-3-800x600.jpg 800w\" sizes=\"(max-width: 1200px) 100vw, 1200px\" \/><\/div><\/div><\/div><\/div><\/div><\/div><\/div><\/div>","protected":false},"excerpt":{"rendered":"<p>Tr\u00eas professoras de ingl\u00eas do Col\u00e9gio de S\u00e3o Miguel participaram numa forma\u00e7\u00e3o no \u00e2mbito do programa Erasmus+, em Barcelona, juntamente com outros parceiros europeus.O uso das novas tecnologias em quase todas as \u00e1reas das nossas vidas influencia, tamb\u00e9m, a educa\u00e7\u00e3o, o modo como hoje se ensina e aprende e dita um modo novo de estar no espa\u00e7o educativo. O programa Erasmus+ \u00e9 um instrumento fundamental neste contexto, para promover a aprendizagem e a coopera\u00e7\u00e3o estrat\u00e9gica europeia no dom\u00ednio do ensino &#8230;<\/p>\n","protected":false},"author":5,"featured_media":18261,"comment_status":"closed","ping_status":"open","sticky":false,"template":"","format":"standard","meta":{"pgc_meta":"","_monsterinsights_skip_tracking":false,"_monsterinsights_sitenote_active":false,"_monsterinsights_sitenote_note":"","_monsterinsights_sitenote_category":0,"iawp_total_views":17,"footnotes":""},"categories":[95,1],"tags":[],"class_list":["post-18259","post","type-post","status-publish","format-standard","has-post-thumbnail","hentry","category-noticias1718","category-uncategorized"],"_links":{"self":[{"href":"https:\/\/www.csmiguel.pt\/web\/wp-json\/wp\/v2\/posts\/18259"}],"collection":[{"href":"https:\/\/www.csmiguel.pt\/web\/wp-json\/wp\/v2\/posts"}],"about":[{"href":"https:\/\/www.csmiguel.pt\/web\/wp-json\/wp\/v2\/types\/post"}],"author":[{"embeddable":true,"href":"https:\/\/www.csmiguel.pt\/web\/wp-json\/wp\/v2\/users\/5"}],"replies":[{"embeddable":true,"href":"https:\/\/www.csmiguel.pt\/web\/wp-json\/wp\/v2\/comments?post=18259"}],"version-history":[{"count":3,"href":"https:\/\/www.csmiguel.pt\/web\/wp-json\/wp\/v2\/posts\/18259\/revisions"}],"predecessor-version":[{"id":18266,"href":"https:\/\/www.csmiguel.pt\/web\/wp-json\/wp\/v2\/posts\/18259\/revisions\/18266"}],"wp:featuredmedia":[{"embeddable":true,"href":"https:\/\/www.csmiguel.pt\/web\/wp-json\/wp\/v2\/media\/18261"}],"wp:attachment":[{"href":"https:\/\/www.csmiguel.pt\/web\/wp-json\/wp\/v2\/media?parent=18259"}],"wp:term":[{"taxonomy":"category","embeddable":true,"href":"https:\/\/www.csmiguel.pt\/web\/wp-json\/wp\/v2\/categories?post=18259"},{"taxonomy":"post_tag","embeddable":true,"href":"https:\/\/www.csmiguel.pt\/web\/wp-json\/wp\/v2\/tags?post=18259"}],"curies":[{"name":"wp","href":"https:\/\/api.w.org\/{rel}","templated":true}]}}