{"id":17624,"date":"2022-10-25T09:42:22","date_gmt":"2022-10-25T09:42:22","guid":{"rendered":"https:\/\/www.csmiguel.pt\/web\/?p=17624"},"modified":"2022-10-25T09:42:22","modified_gmt":"2022-10-25T09:42:22","slug":"mes-europeu-da-ciberseguranca","status":"publish","type":"post","link":"https:\/\/www.csmiguel.pt\/web\/mes-europeu-da-ciberseguranca\/","title":{"rendered":"M\u00eas Europeu da Ciberseguran\u00e7a"},"content":{"rendered":"<p style=\"text-align: justify;\"><img fetchpriority=\"high\" decoding=\"async\" class=\"alignleft size-full wp-image-17625\" src=\"https:\/\/www.csmiguel.pt\/web\/wp-content\/uploads\/2022\/10\/mes-ciberseguranca.png\" alt=\"\" width=\"300\" height=\"200\" \/>O M\u00eas Europeu da Ciberseguran\u00e7a \u00e9 comemorado, com diversos eventos e atividades, em toda a Europa, desde 2012.<\/p>\n<p style=\"text-align: justify;\">No Col\u00e9gio de S\u00e3o Miguel, os alunos do 8.\u00baano na disciplina de TIC realizaram atividades alusivas ao tema que publicaram no padlet colaborativo criado pela ANPRI e responderam a um question\u00e1rio sobre o tema.<\/p>\n<p style=\"text-align: justify;\">\u00c9 a oportunidade perfeita para introduzir, ou refor\u00e7ar, os temas da Ciberseguran\u00e7a entre alunos.<\/p>\n<p><a href=\"https:\/\/padlet.com\/anpriprojetos\/bueseguro2023\">https:\/\/padlet.com\/anpriprojetos\/bueseguro2023<\/a><\/p>\n<p>&nbsp;<\/p>\n<p style=\"text-align: right;\"><em>Professora Carla Velez<\/em><\/p>\n","protected":false},"excerpt":{"rendered":"<p>O M\u00eas Europeu da Ciberseguran\u00e7a \u00e9 comemorado, com diversos eventos e atividades, em toda a Europa, desde 2012.<br \/>\nNo Col\u00e9gio de S\u00e3o Miguel, os alunos do 8.\u00baano na disciplina de TIC realizaram atividades alusivas ao tema que publicaram no padlet colaborativo criado pela ANPRI e responderam a um question\u00e1rio sobre o tema.<br \/>\n\u00c9 a oportunidade perfeita para introduzir, ou refor\u00e7ar, os temas da Ciberseguran\u00e7a entre alunos.<br \/>\nhttps:\/\/padlet.com\/anpriprojetos\/bueseguro2023<br \/>\n&nbsp;<br \/>\nProfessora Carla Velez<\/p>\n","protected":false},"author":5,"featured_media":17625,"comment_status":"closed","ping_status":"open","sticky":false,"template":"","format":"standard","meta":{"pgc_meta":"","_monsterinsights_skip_tracking":false,"_monsterinsights_sitenote_active":false,"_monsterinsights_sitenote_note":"","_monsterinsights_sitenote_category":0,"iawp_total_views":6,"footnotes":""},"categories":[95],"tags":[],"class_list":["post-17624","post","type-post","status-publish","format-standard","has-post-thumbnail","hentry","category-noticias1718"],"_links":{"self":[{"href":"https:\/\/www.csmiguel.pt\/web\/wp-json\/wp\/v2\/posts\/17624"}],"collection":[{"href":"https:\/\/www.csmiguel.pt\/web\/wp-json\/wp\/v2\/posts"}],"about":[{"href":"https:\/\/www.csmiguel.pt\/web\/wp-json\/wp\/v2\/types\/post"}],"author":[{"embeddable":true,"href":"https:\/\/www.csmiguel.pt\/web\/wp-json\/wp\/v2\/users\/5"}],"replies":[{"embeddable":true,"href":"https:\/\/www.csmiguel.pt\/web\/wp-json\/wp\/v2\/comments?post=17624"}],"version-history":[{"count":1,"href":"https:\/\/www.csmiguel.pt\/web\/wp-json\/wp\/v2\/posts\/17624\/revisions"}],"predecessor-version":[{"id":17626,"href":"https:\/\/www.csmiguel.pt\/web\/wp-json\/wp\/v2\/posts\/17624\/revisions\/17626"}],"wp:featuredmedia":[{"embeddable":true,"href":"https:\/\/www.csmiguel.pt\/web\/wp-json\/wp\/v2\/media\/17625"}],"wp:attachment":[{"href":"https:\/\/www.csmiguel.pt\/web\/wp-json\/wp\/v2\/media?parent=17624"}],"wp:term":[{"taxonomy":"category","embeddable":true,"href":"https:\/\/www.csmiguel.pt\/web\/wp-json\/wp\/v2\/categories?post=17624"},{"taxonomy":"post_tag","embeddable":true,"href":"https:\/\/www.csmiguel.pt\/web\/wp-json\/wp\/v2\/tags?post=17624"}],"curies":[{"name":"wp","href":"https:\/\/api.w.org\/{rel}","templated":true}]}}