{"id":17568,"date":"2022-09-30T16:18:20","date_gmt":"2022-09-30T16:18:20","guid":{"rendered":"https:\/\/www.csmiguel.pt\/web\/?p=17568"},"modified":"2022-09-30T16:18:20","modified_gmt":"2022-09-30T16:18:20","slug":"dia-de-sao-miguel-5","status":"publish","type":"post","link":"https:\/\/www.csmiguel.pt\/web\/dia-de-sao-miguel-5\/","title":{"rendered":"Dia de S\u00e3o Miguel"},"content":{"rendered":"<p style=\"text-align: justify;\"><img fetchpriority=\"high\" decoding=\"async\" class=\"alignleft size-full wp-image-17569\" src=\"https:\/\/www.csmiguel.pt\/web\/wp-content\/uploads\/2022\/09\/dia-s-miguel-set-22-0.png\" alt=\"\" width=\"330\" height=\"220\" srcset=\"https:\/\/www.csmiguel.pt\/web\/wp-content\/uploads\/2022\/09\/dia-s-miguel-set-22-0.png 330w, https:\/\/www.csmiguel.pt\/web\/wp-content\/uploads\/2022\/09\/dia-s-miguel-set-22-0-300x200.png 300w\" sizes=\"(max-width: 330px) 100vw, 330px\" \/>Comemora-se, hoje, dia 29 de setembro, o dia do Arcanjo de S\u00e3o Miguel, padroeiro do nosso Col\u00e9gio, o que foi motivo de festa em duplicado, uma vez que tamb\u00e9m estamos a comemorar os 60 anos da nossa institui\u00e7\u00e3o.<\/p>\n<p style=\"text-align: justify;\">D. Jos\u00e9 Ornelas, Bispo da Diocese de Leiria-F\u00e1tima, apesar de n\u00e3o poder ter estado presente, por motivos de for\u00e7a maior, n\u00e3o quis deixar de estar com o seu Col\u00e9gio, com os seus alunos e, logo pela manh\u00e3, todas as turmas, ap\u00f3s a ora\u00e7\u00e3o, ouviram a mensagem que nos deixou num pequeno v\u00eddeo. Apelou a que caminh\u00e1ssemos sempre juntos, com S\u00e3o Miguel, parafraseando o lema deste ano letivo e apelou \u00e0 participa\u00e7\u00e3o nas Jornadas Mundiais da Juventude.<\/p>\n<p style=\"text-align: justify;\">De seguida, n\u00e3o se p\u00f4de realizar a programada Caminhada aos Valinhos, devido \u00e0s condi\u00e7\u00f5es meteorol\u00f3gicas e toda a comunidade assistiu \u00e0 Eucaristia presidida pelo nosso capel\u00e3o, Pe Varela, no Pavilh\u00e3o Gimnodesportivo.<\/p>\n<p style=\"text-align: justify;\">Como n\u00e3o h\u00e1 anivers\u00e1rio sem bolo, por volta das 12h foi altura de cantarmos os parab\u00e9ns ao nosso Col\u00e9gio, pelos seus 60 anos, e comermos uma fatia do bolo confecionado pelos nossos funcion\u00e1rios.<br \/>\nDe tarde, depois de cada turma escrever uma carta a D. Jos\u00e9, houve tempo para algumas atividades l\u00fadico-desportivas e para algum conv\u00edvio entre todos os alunos.<\/p>\n<p><img decoding=\"async\" class=\"aligncenter size-full wp-image-17570\" src=\"https:\/\/www.csmiguel.pt\/web\/wp-content\/uploads\/2022\/09\/dia-s-miguel-set-22-1.jpg\" alt=\"\" width=\"1200\" height=\"800\" srcset=\"https:\/\/www.csmiguel.pt\/web\/wp-content\/uploads\/2022\/09\/dia-s-miguel-set-22-1.jpg 1200w, https:\/\/www.csmiguel.pt\/web\/wp-content\/uploads\/2022\/09\/dia-s-miguel-set-22-1-300x200.jpg 300w, https:\/\/www.csmiguel.pt\/web\/wp-content\/uploads\/2022\/09\/dia-s-miguel-set-22-1-768x512.jpg 768w, https:\/\/www.csmiguel.pt\/web\/wp-content\/uploads\/2022\/09\/dia-s-miguel-set-22-1-1024x683.jpg 1024w\" sizes=\"(max-width: 1200px) 100vw, 1200px\" \/><\/p>\n<p><img decoding=\"async\" class=\"aligncenter size-full wp-image-17571\" src=\"https:\/\/www.csmiguel.pt\/web\/wp-content\/uploads\/2022\/09\/dia-s-miguel-set-22-2.jpg\" alt=\"\" width=\"1200\" height=\"800\" srcset=\"https:\/\/www.csmiguel.pt\/web\/wp-content\/uploads\/2022\/09\/dia-s-miguel-set-22-2.jpg 1200w, https:\/\/www.csmiguel.pt\/web\/wp-content\/uploads\/2022\/09\/dia-s-miguel-set-22-2-300x200.jpg 300w, https:\/\/www.csmiguel.pt\/web\/wp-content\/uploads\/2022\/09\/dia-s-miguel-set-22-2-768x512.jpg 768w, https:\/\/www.csmiguel.pt\/web\/wp-content\/uploads\/2022\/09\/dia-s-miguel-set-22-2-1024x683.jpg 1024w\" sizes=\"(max-width: 1200px) 100vw, 1200px\" \/><\/p>\n<p><img loading=\"lazy\" decoding=\"async\" class=\"aligncenter size-full wp-image-17572\" src=\"https:\/\/www.csmiguel.pt\/web\/wp-content\/uploads\/2022\/09\/dia-s-miguel-set-22-3.jpg\" alt=\"\" width=\"1200\" height=\"800\" srcset=\"https:\/\/www.csmiguel.pt\/web\/wp-content\/uploads\/2022\/09\/dia-s-miguel-set-22-3.jpg 1200w, https:\/\/www.csmiguel.pt\/web\/wp-content\/uploads\/2022\/09\/dia-s-miguel-set-22-3-300x200.jpg 300w, https:\/\/www.csmiguel.pt\/web\/wp-content\/uploads\/2022\/09\/dia-s-miguel-set-22-3-768x512.jpg 768w, https:\/\/www.csmiguel.pt\/web\/wp-content\/uploads\/2022\/09\/dia-s-miguel-set-22-3-1024x683.jpg 1024w\" sizes=\"(max-width: 1200px) 100vw, 1200px\" \/><\/p>\n<p><img loading=\"lazy\" decoding=\"async\" class=\"aligncenter size-full wp-image-17573\" src=\"https:\/\/www.csmiguel.pt\/web\/wp-content\/uploads\/2022\/09\/dia-s-miguel-set-22-4.jpg\" alt=\"\" width=\"1200\" height=\"800\" srcset=\"https:\/\/www.csmiguel.pt\/web\/wp-content\/uploads\/2022\/09\/dia-s-miguel-set-22-4.jpg 1200w, https:\/\/www.csmiguel.pt\/web\/wp-content\/uploads\/2022\/09\/dia-s-miguel-set-22-4-300x200.jpg 300w, https:\/\/www.csmiguel.pt\/web\/wp-content\/uploads\/2022\/09\/dia-s-miguel-set-22-4-768x512.jpg 768w, https:\/\/www.csmiguel.pt\/web\/wp-content\/uploads\/2022\/09\/dia-s-miguel-set-22-4-1024x683.jpg 1024w\" sizes=\"(max-width: 1200px) 100vw, 1200px\" \/><\/p>\n<p><img loading=\"lazy\" decoding=\"async\" class=\"aligncenter size-full wp-image-17574\" src=\"https:\/\/www.csmiguel.pt\/web\/wp-content\/uploads\/2022\/09\/dia-s-miguel-set-22-5.jpg\" alt=\"\" width=\"1200\" height=\"800\" srcset=\"https:\/\/www.csmiguel.pt\/web\/wp-content\/uploads\/2022\/09\/dia-s-miguel-set-22-5.jpg 1200w, https:\/\/www.csmiguel.pt\/web\/wp-content\/uploads\/2022\/09\/dia-s-miguel-set-22-5-300x200.jpg 300w, https:\/\/www.csmiguel.pt\/web\/wp-content\/uploads\/2022\/09\/dia-s-miguel-set-22-5-768x512.jpg 768w, https:\/\/www.csmiguel.pt\/web\/wp-content\/uploads\/2022\/09\/dia-s-miguel-set-22-5-1024x683.jpg 1024w\" sizes=\"(max-width: 1200px) 100vw, 1200px\" \/><\/p>\n<p><img loading=\"lazy\" decoding=\"async\" class=\"aligncenter size-full wp-image-17575\" src=\"https:\/\/www.csmiguel.pt\/web\/wp-content\/uploads\/2022\/09\/dia-s-miguel-set-22-6.jpg\" alt=\"\" width=\"1200\" height=\"800\" srcset=\"https:\/\/www.csmiguel.pt\/web\/wp-content\/uploads\/2022\/09\/dia-s-miguel-set-22-6.jpg 1200w, https:\/\/www.csmiguel.pt\/web\/wp-content\/uploads\/2022\/09\/dia-s-miguel-set-22-6-300x200.jpg 300w, https:\/\/www.csmiguel.pt\/web\/wp-content\/uploads\/2022\/09\/dia-s-miguel-set-22-6-768x512.jpg 768w, https:\/\/www.csmiguel.pt\/web\/wp-content\/uploads\/2022\/09\/dia-s-miguel-set-22-6-1024x683.jpg 1024w\" sizes=\"(max-width: 1200px) 100vw, 1200px\" \/><\/p>\n<p><img loading=\"lazy\" decoding=\"async\" class=\"aligncenter size-full wp-image-17576\" src=\"https:\/\/www.csmiguel.pt\/web\/wp-content\/uploads\/2022\/09\/dia-s-miguel-set-22-7.jpg\" alt=\"\" width=\"1200\" height=\"800\" srcset=\"https:\/\/www.csmiguel.pt\/web\/wp-content\/uploads\/2022\/09\/dia-s-miguel-set-22-7.jpg 1200w, https:\/\/www.csmiguel.pt\/web\/wp-content\/uploads\/2022\/09\/dia-s-miguel-set-22-7-300x200.jpg 300w, https:\/\/www.csmiguel.pt\/web\/wp-content\/uploads\/2022\/09\/dia-s-miguel-set-22-7-768x512.jpg 768w, https:\/\/www.csmiguel.pt\/web\/wp-content\/uploads\/2022\/09\/dia-s-miguel-set-22-7-1024x683.jpg 1024w\" sizes=\"(max-width: 1200px) 100vw, 1200px\" \/><\/p>\n","protected":false},"excerpt":{"rendered":"<p>Comemora-se, hoje, dia 29 de setembro, o dia do Arcanjo de S\u00e3o Miguel, padroeiro do nosso Col\u00e9gio, o que foi motivo de festa em duplicado, uma vez que tamb\u00e9m estamos a comemorar os 60 anos da nossa institui\u00e7\u00e3o.<br \/>\nD. Jos\u00e9 Ornelas, Bispo da Diocese de Leiria-F\u00e1tima, apesar de n\u00e3o poder ter estado presente, por motivos de for\u00e7a maior, n\u00e3o quis deixar de estar com o seu Col\u00e9gio, com os seus alunos e, logo pela manh\u00e3, todas as turmas, ap\u00f3s a &#8230;<\/p>\n","protected":false},"author":5,"featured_media":17569,"comment_status":"closed","ping_status":"open","sticky":false,"template":"","format":"standard","meta":{"pgc_meta":"","_monsterinsights_skip_tracking":false,"_monsterinsights_sitenote_active":false,"_monsterinsights_sitenote_note":"","_monsterinsights_sitenote_category":0,"iawp_total_views":30,"footnotes":""},"categories":[95],"tags":[],"class_list":["post-17568","post","type-post","status-publish","format-standard","has-post-thumbnail","hentry","category-noticias1718"],"_links":{"self":[{"href":"https:\/\/www.csmiguel.pt\/web\/wp-json\/wp\/v2\/posts\/17568"}],"collection":[{"href":"https:\/\/www.csmiguel.pt\/web\/wp-json\/wp\/v2\/posts"}],"about":[{"href":"https:\/\/www.csmiguel.pt\/web\/wp-json\/wp\/v2\/types\/post"}],"author":[{"embeddable":true,"href":"https:\/\/www.csmiguel.pt\/web\/wp-json\/wp\/v2\/users\/5"}],"replies":[{"embeddable":true,"href":"https:\/\/www.csmiguel.pt\/web\/wp-json\/wp\/v2\/comments?post=17568"}],"version-history":[{"count":1,"href":"https:\/\/www.csmiguel.pt\/web\/wp-json\/wp\/v2\/posts\/17568\/revisions"}],"predecessor-version":[{"id":17578,"href":"https:\/\/www.csmiguel.pt\/web\/wp-json\/wp\/v2\/posts\/17568\/revisions\/17578"}],"wp:featuredmedia":[{"embeddable":true,"href":"https:\/\/www.csmiguel.pt\/web\/wp-json\/wp\/v2\/media\/17569"}],"wp:attachment":[{"href":"https:\/\/www.csmiguel.pt\/web\/wp-json\/wp\/v2\/media?parent=17568"}],"wp:term":[{"taxonomy":"category","embeddable":true,"href":"https:\/\/www.csmiguel.pt\/web\/wp-json\/wp\/v2\/categories?post=17568"},{"taxonomy":"post_tag","embeddable":true,"href":"https:\/\/www.csmiguel.pt\/web\/wp-json\/wp\/v2\/tags?post=17568"}],"curies":[{"name":"wp","href":"https:\/\/api.w.org\/{rel}","templated":true}]}}