{"id":12858,"date":"2018-03-28T02:31:58","date_gmt":"2018-03-28T02:31:58","guid":{"rendered":"http:\/\/csmiguel.pt\/web\/?p=12858"},"modified":"2018-03-28T02:31:58","modified_gmt":"2018-03-28T02:31:58","slug":"concurso-de-poesia-2","status":"publish","type":"post","link":"https:\/\/www.csmiguel.pt\/web\/concurso-de-poesia-2\/","title":{"rendered":"Concurso de Poesia"},"content":{"rendered":"<p><a href=\"https:\/\/csmiguel.pt\/web\/wp-content\/uploads\/2018\/03\/declama\u00e7\u00e3o_poesia_mar18.jpg\"><img fetchpriority=\"high\" decoding=\"async\" class=\"aligncenter size-full wp-image-12859\" src=\"https:\/\/csmiguel.pt\/web\/wp-content\/uploads\/2018\/03\/declama\u00e7\u00e3o_poesia_mar18.jpg\" alt=\"\" width=\"830\" height=\"553\" srcset=\"https:\/\/www.csmiguel.pt\/web\/wp-content\/uploads\/2018\/03\/declama\u00e7\u00e3o_poesia_mar18.jpg 830w, https:\/\/www.csmiguel.pt\/web\/wp-content\/uploads\/2018\/03\/declama\u00e7\u00e3o_poesia_mar18-300x200.jpg 300w, https:\/\/www.csmiguel.pt\/web\/wp-content\/uploads\/2018\/03\/declama\u00e7\u00e3o_poesia_mar18-768x512.jpg 768w\" sizes=\"(max-width: 830px) 100vw, 830px\" \/><\/a><\/p>\n<p style=\"text-align: justify;\">No passado dia 20 de mar\u00e7o, antecip\u00e1mos a comemora\u00e7\u00e3o do Dia Mundial da Poesia (21 de mar\u00e7o) com o IV Concurso de Declama\u00e7\u00e3o de Poesia. A novidade deste ano foi apresenta\u00e7\u00e3o de poemas in\u00e9ditos criados pelos alunos.<\/p>\n<p style=\"text-align: justify;\">No primeiro escal\u00e3o escut\u00e1mos o poema \u201cBailarina\u201d, de Cec\u00edlia Meireles, declamado pela Margarida Nunes Vieira, do 5.\u00ba D e \u201cOde ao Futebol\u201d, de Tossan, por Matilde F\u00e9lix Santos, do 6.\u00ba C.<\/p>\n<p style=\"text-align: justify;\">No escal\u00e3o do terceiro ciclo, a Maria Jo\u00e3o Gomes, do 7.\u00ba B, declamou um poema escrito por si; a Ana Filipa Carreira, do 8.\u00ba B, declamou &#8220;Amor \u00e9 fogo que arde sem se ver&#8221;, de Lu\u00eds de Cam\u00f5es; e a aluna Carolina Delgado Rodrigues, do 9.\u00ba B, &#8220;Pedra Filosofal&#8221; de Ant\u00f3nio Gede\u00e3o.<\/p>\n<p style=\"text-align: justify;\">No ensino secund\u00e1rio, a D\u00e1diva Pires, do 10.\u00ba A, declamou um poema in\u00e9dito; escut\u00e1mos a M\u00e1rcia Marcelino, do 11.\u00ba E, com o poema de Florbela Espanca, \u201cDeixa dizer-te os lindos versos raros; o poema \u201cMar Portugu\u00eas\u201d, de Fernando Pessoa, foi declamado pelo Daniel Ribeiro, do 12.\u00ba A.<\/p>\n<p style=\"text-align: justify;\">No escal\u00e3o \u201cL\u00edngua estrangeira\u201d, a Ver\u00f3nica Fulg\u00eancio, do 10.\u00ba A, declamou &#8220;Ma douce H\u00e9l\u00e8ne&#8221;, um soneto do franc\u00eas Ronsard; \u201cMas all\u00e1 del amor\u201d, do espanhol Oct\u00e1vio Paz, foi declamado pela Mariana Costa, do 10.\u00ba B; a Maria Teresa Mendes, do 10.\u00ba B declamou em ingl\u00eas \u201cLook up\u201d, de Gary Turk.<br \/>\nNum espa\u00e7o diferente dos anos anteriores \u2013 no exterior do audit\u00f3rio D. Jo\u00e3o Pereira Ven\u00e2ncio \u2013 os alunos revelaram dotes de declama\u00e7\u00e3o e o p\u00fablico compareceu em n\u00famero consider\u00e1vel para acalorar uma sess\u00e3o que foi um sucesso! Todos os alunos est\u00e3o, obviamente, de parab\u00e9ns.<\/p>\n<p style=\"text-align: justify;\"><strong>Os vencedores<\/strong> (um por escal\u00e3o) s\u00e3o:<\/p>\n<p style=\"text-align: justify;\">Matilde F\u00e9lix Santos, escal\u00e3o \u201c2\u00ba ciclo\u201d;<\/p>\n<p style=\"text-align: justify;\">Carolina Delgado Rodrigues, escal\u00e3o \u201c3\u00ba ciclo\u201d;<\/p>\n<p style=\"text-align: justify;\">D\u00e1diva Pires, escal\u00e3o \u201csecund\u00e1rio\u201d;<\/p>\n<p style=\"text-align: justify;\">Maria Teresa Mendes \u2013 escal\u00e3o \u201cL\u00ednguas estrangeiras\u201d.<\/p>\n","protected":false},"excerpt":{"rendered":"<p>\nNo passado dia 20 de mar\u00e7o, antecip\u00e1mos a comemora\u00e7\u00e3o do Dia Mundial da Poesia (21 de mar\u00e7o) com o IV Concurso de Declama\u00e7\u00e3o de Poesia. A novidade deste ano foi apresenta\u00e7\u00e3o de poemas in\u00e9ditos criados pelos alunos.<br \/>\nNo primeiro escal\u00e3o escut\u00e1mos o poema \u201cBailarina\u201d, de Cec\u00edlia Meireles, declamado pela Margarida Nunes Vieira, do 5.\u00ba D e \u201cOde ao Futebol\u201d, de Tossan, por Matilde F\u00e9lix Santos, do 6.\u00ba C.<br \/>\nNo escal\u00e3o do terceiro ciclo, a Maria Jo\u00e3o Gomes, do 7.\u00ba &#8230;<\/p>\n","protected":false},"author":1,"featured_media":12859,"comment_status":"closed","ping_status":"open","sticky":false,"template":"","format":"standard","meta":{"pgc_meta":"","_monsterinsights_skip_tracking":false,"_monsterinsights_sitenote_active":false,"_monsterinsights_sitenote_note":"","_monsterinsights_sitenote_category":0,"iawp_total_views":6,"footnotes":""},"categories":[95],"tags":[],"class_list":["post-12858","post","type-post","status-publish","format-standard","has-post-thumbnail","hentry","category-noticias1718"],"_links":{"self":[{"href":"https:\/\/www.csmiguel.pt\/web\/wp-json\/wp\/v2\/posts\/12858"}],"collection":[{"href":"https:\/\/www.csmiguel.pt\/web\/wp-json\/wp\/v2\/posts"}],"about":[{"href":"https:\/\/www.csmiguel.pt\/web\/wp-json\/wp\/v2\/types\/post"}],"author":[{"embeddable":true,"href":"https:\/\/www.csmiguel.pt\/web\/wp-json\/wp\/v2\/users\/1"}],"replies":[{"embeddable":true,"href":"https:\/\/www.csmiguel.pt\/web\/wp-json\/wp\/v2\/comments?post=12858"}],"version-history":[{"count":1,"href":"https:\/\/www.csmiguel.pt\/web\/wp-json\/wp\/v2\/posts\/12858\/revisions"}],"predecessor-version":[{"id":12860,"href":"https:\/\/www.csmiguel.pt\/web\/wp-json\/wp\/v2\/posts\/12858\/revisions\/12860"}],"wp:featuredmedia":[{"embeddable":true,"href":"https:\/\/www.csmiguel.pt\/web\/wp-json\/wp\/v2\/media\/12859"}],"wp:attachment":[{"href":"https:\/\/www.csmiguel.pt\/web\/wp-json\/wp\/v2\/media?parent=12858"}],"wp:term":[{"taxonomy":"category","embeddable":true,"href":"https:\/\/www.csmiguel.pt\/web\/wp-json\/wp\/v2\/categories?post=12858"},{"taxonomy":"post_tag","embeddable":true,"href":"https:\/\/www.csmiguel.pt\/web\/wp-json\/wp\/v2\/tags?post=12858"}],"curies":[{"name":"wp","href":"https:\/\/api.w.org\/{rel}","templated":true}]}}