{"id":12852,"date":"2018-03-28T02:27:55","date_gmt":"2018-03-28T02:27:55","guid":{"rendered":"http:\/\/csmiguel.pt\/web\/?p=12852"},"modified":"2018-03-28T02:27:55","modified_gmt":"2018-03-28T02:27:55","slug":"uma-viagem-inesquecivel","status":"publish","type":"post","link":"https:\/\/www.csmiguel.pt\/web\/uma-viagem-inesquecivel\/","title":{"rendered":"Uma Viagem Inesquec\u00edvel"},"content":{"rendered":"<p style=\"text-align: justify;\"><a href=\"https:\/\/csmiguel.pt\/web\/wp-content\/uploads\/2018\/03\/santiago-mar18-0.jpg\"><img fetchpriority=\"high\" decoding=\"async\" class=\"alignleft size-full wp-image-12853\" src=\"https:\/\/csmiguel.pt\/web\/wp-content\/uploads\/2018\/03\/santiago-mar18-0.jpg\" alt=\"\" width=\"330\" height=\"220\" srcset=\"https:\/\/www.csmiguel.pt\/web\/wp-content\/uploads\/2018\/03\/santiago-mar18-0.jpg 330w, https:\/\/www.csmiguel.pt\/web\/wp-content\/uploads\/2018\/03\/santiago-mar18-0-300x200.jpg 300w\" sizes=\"(max-width: 330px) 100vw, 330px\" \/><\/a>No dia 16 de mar\u00e7o, sexta-feira, por volta das sete da manh\u00e3, aos port\u00f5es do col\u00e9gio j\u00e1 se podiam observar as mochilas e os sacos de viagem. Os alunos do 9.\u00ba ano do Col\u00e9gio de S\u00e3o Miguel iam dar in\u00edcio a uma visita de estudo a Santiago de Compostela.<\/p>\n<p style=\"text-align: justify;\">Partimos \u00e0s 7h15 de F\u00e1tima, em dire\u00e7\u00e3o ao Monte de Santa Luzia, em Viana do Castelo, onde tinha acabado de cair uma enorme camada de granizo, que deixou tudo branquinho. Neste local, pudemos almo\u00e7ar, visitar o santu\u00e1rio, subir ao zimb\u00f3rio (c\u00fapula) e desfrutar de uma das paisagens mais belas do mundo.<\/p>\n<p style=\"text-align: justify;\">De seguida, seguimos em dire\u00e7\u00e3o a Espanha, \u00e0 Ilha da Toja, onde tivemos oportunidade de dar um agrad\u00e1vel passeio de barco e conhecer de perto os viveiros de mexilh\u00e3o. Nem d\u00e1 para descrever o que sentimos quando nos trouxeram sumo e uma travessa de mexilh\u00e3o para provarmos! S\u00e3o realmente muito apetitosos! Quando sa\u00edmos do barco, pudemos ainda visitar uma igreja forrada de conchas e uma famosa f\u00e1brica de sabonetes.<\/p>\n<p style=\"text-align: justify;\">Depois de mais uma viagem, cheg\u00e1mos ao Hotel Scala. Ap\u00f3s de um saboroso jantar, fomos aos quartos, onde cada um se vestiu, penteou e perfumou para ir \u00e0 discoteca, onde nos divertimos imenso. Este foi, sem d\u00favida, um dos pontos mais altos da viagem. Por volta das 2h da manh\u00e3, fomos dormir e restabelecer as for\u00e7as para o dia seguinte.<\/p>\n<p style=\"text-align: justify;\">S\u00e1bado, depois do pequeno-almo\u00e7o, sa\u00edmos para visitar Santiago de Compostela, onde celebr\u00e1mos a missa, observ\u00e1mos o ritual do Botafumeiro, que \u00e9 simplesmente uma experi\u00eancia incr\u00edvel, e abra\u00e7\u00e1mos a imagem de Santiago, no altar. Depois de compradas as lembran\u00e7as, volt\u00e1mos ao hotel para almo\u00e7armos e nos prepararmos para voltar.<\/p>\n<p style=\"text-align: justify;\">De regresso a Portugal, ainda par\u00e1mos em Valen\u00e7a, uma vila fortificada impressionante, e no Arr\u00e1bidaShopping, para jantar. Segundo uma sondagem feita nos autocarros, os momentos mais significativos para os alunos foram: a ida \u00e0 discoteca, a viagem de barco e as visitas a Santiago e ao Monte de Santa Luzia.<\/p>\n<p style=\"text-align: justify;\">Para n\u00f3s, foi uma viagem 5 estrelas que n\u00e3o nos import\u00e1vamos de repetir!<\/p>\n<p style=\"text-align: right;\"><em>Carolina Delgado Rodrigues<\/em><\/p>\n<p><a href=\"https:\/\/csmiguel.pt\/web\/wp-content\/uploads\/2018\/03\/santiago-mar18-1.jpg\"><img decoding=\"async\" class=\"aligncenter size-full wp-image-12856\" src=\"https:\/\/csmiguel.pt\/web\/wp-content\/uploads\/2018\/03\/santiago-mar18-1.jpg\" alt=\"\" width=\"830\" height=\"547\" srcset=\"https:\/\/www.csmiguel.pt\/web\/wp-content\/uploads\/2018\/03\/santiago-mar18-1.jpg 830w, https:\/\/www.csmiguel.pt\/web\/wp-content\/uploads\/2018\/03\/santiago-mar18-1-300x198.jpg 300w, https:\/\/www.csmiguel.pt\/web\/wp-content\/uploads\/2018\/03\/santiago-mar18-1-768x506.jpg 768w\" sizes=\"(max-width: 830px) 100vw, 830px\" \/><\/a><\/p>\n<p><a href=\"https:\/\/csmiguel.pt\/web\/wp-content\/uploads\/2018\/03\/santiago-mar18-2.jpg\"><img decoding=\"async\" class=\"aligncenter size-full wp-image-12855\" src=\"https:\/\/csmiguel.pt\/web\/wp-content\/uploads\/2018\/03\/santiago-mar18-2.jpg\" alt=\"\" width=\"830\" height=\"623\" srcset=\"https:\/\/www.csmiguel.pt\/web\/wp-content\/uploads\/2018\/03\/santiago-mar18-2.jpg 830w, https:\/\/www.csmiguel.pt\/web\/wp-content\/uploads\/2018\/03\/santiago-mar18-2-300x225.jpg 300w, https:\/\/www.csmiguel.pt\/web\/wp-content\/uploads\/2018\/03\/santiago-mar18-2-768x576.jpg 768w\" sizes=\"(max-width: 830px) 100vw, 830px\" \/><\/a><\/p>\n<p><a href=\"https:\/\/csmiguel.pt\/web\/wp-content\/uploads\/2018\/03\/santiago-mar18-3.jpg\"><img loading=\"lazy\" decoding=\"async\" class=\"aligncenter size-full wp-image-12854\" src=\"https:\/\/csmiguel.pt\/web\/wp-content\/uploads\/2018\/03\/santiago-mar18-3.jpg\" alt=\"\" width=\"830\" height=\"623\" srcset=\"https:\/\/www.csmiguel.pt\/web\/wp-content\/uploads\/2018\/03\/santiago-mar18-3.jpg 830w, https:\/\/www.csmiguel.pt\/web\/wp-content\/uploads\/2018\/03\/santiago-mar18-3-300x225.jpg 300w, https:\/\/www.csmiguel.pt\/web\/wp-content\/uploads\/2018\/03\/santiago-mar18-3-768x576.jpg 768w\" sizes=\"(max-width: 830px) 100vw, 830px\" \/><\/a><\/p>\n","protected":false},"excerpt":{"rendered":"<p>No dia 16 de mar\u00e7o, sexta-feira, por volta das sete da manh\u00e3, aos port\u00f5es do col\u00e9gio j\u00e1 se podiam observar as mochilas e os sacos de viagem. Os alunos do 9.\u00ba ano do Col\u00e9gio de S\u00e3o Miguel iam dar in\u00edcio a uma visita de estudo a Santiago de Compostela.<br \/>\nPartimos \u00e0s 7h15 de F\u00e1tima, em dire\u00e7\u00e3o ao Monte de Santa Luzia, em Viana do Castelo, onde tinha acabado de cair uma enorme camada de granizo, que deixou tudo branquinho. Neste &#8230;<\/p>\n","protected":false},"author":1,"featured_media":12853,"comment_status":"closed","ping_status":"open","sticky":false,"template":"","format":"standard","meta":{"pgc_meta":"","_monsterinsights_skip_tracking":false,"_monsterinsights_sitenote_active":false,"_monsterinsights_sitenote_note":"","_monsterinsights_sitenote_category":0,"iawp_total_views":3,"footnotes":""},"categories":[95],"tags":[],"class_list":["post-12852","post","type-post","status-publish","format-standard","has-post-thumbnail","hentry","category-noticias1718"],"_links":{"self":[{"href":"https:\/\/www.csmiguel.pt\/web\/wp-json\/wp\/v2\/posts\/12852"}],"collection":[{"href":"https:\/\/www.csmiguel.pt\/web\/wp-json\/wp\/v2\/posts"}],"about":[{"href":"https:\/\/www.csmiguel.pt\/web\/wp-json\/wp\/v2\/types\/post"}],"author":[{"embeddable":true,"href":"https:\/\/www.csmiguel.pt\/web\/wp-json\/wp\/v2\/users\/1"}],"replies":[{"embeddable":true,"href":"https:\/\/www.csmiguel.pt\/web\/wp-json\/wp\/v2\/comments?post=12852"}],"version-history":[{"count":1,"href":"https:\/\/www.csmiguel.pt\/web\/wp-json\/wp\/v2\/posts\/12852\/revisions"}],"predecessor-version":[{"id":12857,"href":"https:\/\/www.csmiguel.pt\/web\/wp-json\/wp\/v2\/posts\/12852\/revisions\/12857"}],"wp:featuredmedia":[{"embeddable":true,"href":"https:\/\/www.csmiguel.pt\/web\/wp-json\/wp\/v2\/media\/12853"}],"wp:attachment":[{"href":"https:\/\/www.csmiguel.pt\/web\/wp-json\/wp\/v2\/media?parent=12852"}],"wp:term":[{"taxonomy":"category","embeddable":true,"href":"https:\/\/www.csmiguel.pt\/web\/wp-json\/wp\/v2\/categories?post=12852"},{"taxonomy":"post_tag","embeddable":true,"href":"https:\/\/www.csmiguel.pt\/web\/wp-json\/wp\/v2\/tags?post=12852"}],"curies":[{"name":"wp","href":"https:\/\/api.w.org\/{rel}","templated":true}]}}