{"id":12746,"date":"2018-02-24T02:12:56","date_gmt":"2018-02-24T02:12:56","guid":{"rendered":"http:\/\/csmiguel.pt\/web\/?p=12746"},"modified":"2018-03-03T15:56:52","modified_gmt":"2018-03-03T15:56:52","slug":"festas-dos-santos-jacinta-e-francisco-marto","status":"publish","type":"post","link":"https:\/\/www.csmiguel.pt\/web\/festas-dos-santos-jacinta-e-francisco-marto\/","title":{"rendered":"Festas dos Santos Jacinta e Francisco Marto"},"content":{"rendered":"<p style=\"text-align: justify;\"><a href=\"https:\/\/csmiguel.pt\/web\/wp-content\/uploads\/2018\/03\/festas-santos-fev-2018.jpg\"><img fetchpriority=\"high\" decoding=\"async\" class=\"alignleft size-full wp-image-12747\" src=\"https:\/\/csmiguel.pt\/web\/wp-content\/uploads\/2018\/03\/festas-santos-fev-2018.jpg\" alt=\"\" width=\"330\" height=\"220\" srcset=\"https:\/\/www.csmiguel.pt\/web\/wp-content\/uploads\/2018\/03\/festas-santos-fev-2018.jpg 330w, https:\/\/www.csmiguel.pt\/web\/wp-content\/uploads\/2018\/03\/festas-santos-fev-2018-300x200.jpg 300w\" sizes=\"(max-width: 330px) 100vw, 330px\" \/><\/a>No dia 20 de fevereiro, os alunos do 5\u00ba ano (112 alunos) dirigiram-se \u00e0 Bas\u00edlica da Sant\u00edssima Trindade para celebrarem o dia dos Santos Jacinta e Francisco Marto. Juntamente com os alunos de outros col\u00e9gios, rezaram o ter\u00e7o. Os alunos do nosso col\u00e9gio orientaram o 5\u00ba mist\u00e9rio, com a participa\u00e7\u00e3o de um aluno por turma.<\/p>\n<p style=\"text-align: justify;\">De seguida, visitaram os t\u00famulos dos Pastorinhos (Francisco e Jacinta), que se encontram na Bas\u00edlica da Nossa Senhora do Ros\u00e1rio.<br \/>\nFoi, sem d\u00favida, uma tarde diferente e bastante interessante!<\/p>\n<p><em>Mafalda Fraz\u00e3o e Matilde Fernandes (5\u00baA)<\/em><\/p>\n","protected":false},"excerpt":{"rendered":"<p>No dia 20 de fevereiro, os alunos do 5\u00ba ano (112 alunos) dirigiram-se \u00e0 Bas\u00edlica da Sant\u00edssima Trindade para celebrarem o dia dos Santos Jacinta e Francisco Marto. Juntamente com os alunos de outros col\u00e9gios, rezaram o ter\u00e7o. Os alunos do nosso col\u00e9gio orientaram o 5\u00ba mist\u00e9rio, com a participa\u00e7\u00e3o de um aluno por turma.<br \/>\nDe seguida, visitaram os t\u00famulos dos Pastorinhos (Francisco e Jacinta), que se encontram na Bas\u00edlica da Nossa Senhora do Ros\u00e1rio.<br \/>\nFoi, sem d\u00favida, uma tarde &#8230;<\/p>\n","protected":false},"author":1,"featured_media":12747,"comment_status":"closed","ping_status":"open","sticky":false,"template":"","format":"standard","meta":{"pgc_meta":"","_monsterinsights_skip_tracking":false,"_monsterinsights_sitenote_active":false,"_monsterinsights_sitenote_note":"","_monsterinsights_sitenote_category":0,"iawp_total_views":3,"footnotes":""},"categories":[95],"tags":[],"class_list":["post-12746","post","type-post","status-publish","format-standard","has-post-thumbnail","hentry","category-noticias1718"],"_links":{"self":[{"href":"https:\/\/www.csmiguel.pt\/web\/wp-json\/wp\/v2\/posts\/12746"}],"collection":[{"href":"https:\/\/www.csmiguel.pt\/web\/wp-json\/wp\/v2\/posts"}],"about":[{"href":"https:\/\/www.csmiguel.pt\/web\/wp-json\/wp\/v2\/types\/post"}],"author":[{"embeddable":true,"href":"https:\/\/www.csmiguel.pt\/web\/wp-json\/wp\/v2\/users\/1"}],"replies":[{"embeddable":true,"href":"https:\/\/www.csmiguel.pt\/web\/wp-json\/wp\/v2\/comments?post=12746"}],"version-history":[{"count":1,"href":"https:\/\/www.csmiguel.pt\/web\/wp-json\/wp\/v2\/posts\/12746\/revisions"}],"predecessor-version":[{"id":12748,"href":"https:\/\/www.csmiguel.pt\/web\/wp-json\/wp\/v2\/posts\/12746\/revisions\/12748"}],"wp:featuredmedia":[{"embeddable":true,"href":"https:\/\/www.csmiguel.pt\/web\/wp-json\/wp\/v2\/media\/12747"}],"wp:attachment":[{"href":"https:\/\/www.csmiguel.pt\/web\/wp-json\/wp\/v2\/media?parent=12746"}],"wp:term":[{"taxonomy":"category","embeddable":true,"href":"https:\/\/www.csmiguel.pt\/web\/wp-json\/wp\/v2\/categories?post=12746"},{"taxonomy":"post_tag","embeddable":true,"href":"https:\/\/www.csmiguel.pt\/web\/wp-json\/wp\/v2\/tags?post=12746"}],"curies":[{"name":"wp","href":"https:\/\/api.w.org\/{rel}","templated":true}]}}