{"id":12677,"date":"2018-02-07T18:24:29","date_gmt":"2018-02-07T17:24:29","guid":{"rendered":"http:\/\/csmiguel.pt\/web\/?p=12677"},"modified":"2018-02-07T18:24:29","modified_gmt":"2018-02-07T17:24:29","slug":"arte-em-lisboa","status":"publish","type":"post","link":"https:\/\/www.csmiguel.pt\/web\/arte-em-lisboa\/","title":{"rendered":"Arte em Lisboa"},"content":{"rendered":"<p style=\"text-align: justify;\"><a href=\"https:\/\/csmiguel.pt\/web\/wp-content\/uploads\/2018\/02\/arte-em-lisboa-fev-2018-0.jpg\"><img fetchpriority=\"high\" decoding=\"async\" class=\"alignleft size-full wp-image-12678\" src=\"https:\/\/csmiguel.pt\/web\/wp-content\/uploads\/2018\/02\/arte-em-lisboa-fev-2018-0.jpg\" alt=\"\" width=\"330\" height=\"220\" srcset=\"https:\/\/www.csmiguel.pt\/web\/wp-content\/uploads\/2018\/02\/arte-em-lisboa-fev-2018-0.jpg 330w, https:\/\/www.csmiguel.pt\/web\/wp-content\/uploads\/2018\/02\/arte-em-lisboa-fev-2018-0-300x200.jpg 300w\" sizes=\"(max-width: 330px) 100vw, 330px\" \/><\/a>Aliando a aprendizagem \u00e0 divers\u00e3o e conv\u00edvio, os alunos de 6.\u00ba ano foram, no dia 2 de fevereiro, a Lisboa, para assistir \u00e0 representa\u00e7\u00e3o da pe\u00e7a \u201cA Aventura de Ulisses\u201d, a partir da obra de Maria Alberta Men\u00e9res, encena\u00e7\u00e3o a cargo da companhia Cultural Kids.<\/p>\n<p style=\"text-align: justify;\">De tarde foi a vez de conhecer Cole\u00e7\u00e3o Berardo de Arte Moderna e Contempor\u00e2nea, no Museu Berardo. A visita ao Museu foi efetuada em diversos grupos, acompanhados por guias que procuraram dar aos alunos uma leitura mais aprofundada das obras de arte que eles puderam ver durante o percurso que fizeram pelas galerias do Museu.<\/p>\n<p style=\"text-align: justify;\">O dia estava frio, o que n\u00e3o impediu os nossos alunos de apreciarem um dia diferente e que lhes trouxe uma outra perspetiva dos conte\u00fados que lecionam nas disciplinas de Portugu\u00eas e de Educa\u00e7\u00e3o Visual.<\/p>\n<p style=\"text-align: right;\"><em>Prof.\u00aa Marta Pereira<\/em><\/p>\n<p><a href=\"https:\/\/csmiguel.pt\/web\/wp-content\/uploads\/2018\/02\/arte-em-lisboa-fev-2018-1.jpg\"><img decoding=\"async\" class=\"aligncenter size-full wp-image-12679\" src=\"https:\/\/csmiguel.pt\/web\/wp-content\/uploads\/2018\/02\/arte-em-lisboa-fev-2018-1.jpg\" alt=\"\" width=\"835\" height=\"557\" srcset=\"https:\/\/www.csmiguel.pt\/web\/wp-content\/uploads\/2018\/02\/arte-em-lisboa-fev-2018-1.jpg 835w, https:\/\/www.csmiguel.pt\/web\/wp-content\/uploads\/2018\/02\/arte-em-lisboa-fev-2018-1-300x200.jpg 300w, https:\/\/www.csmiguel.pt\/web\/wp-content\/uploads\/2018\/02\/arte-em-lisboa-fev-2018-1-768x512.jpg 768w\" sizes=\"(max-width: 835px) 100vw, 835px\" \/><\/a><\/p>\n","protected":false},"excerpt":{"rendered":"<p>Aliando a aprendizagem \u00e0 divers\u00e3o e conv\u00edvio, os alunos de 6.\u00ba ano foram, no dia 2 de fevereiro, a Lisboa, para assistir \u00e0 representa\u00e7\u00e3o da pe\u00e7a \u201cA Aventura de Ulisses\u201d, a partir da obra de Maria Alberta Men\u00e9res, encena\u00e7\u00e3o a cargo da companhia Cultural Kids.<br \/>\nDe tarde foi a vez de conhecer Cole\u00e7\u00e3o Berardo de Arte Moderna e Contempor\u00e2nea, no Museu Berardo. A visita ao Museu foi efetuada em diversos grupos, acompanhados por guias que procuraram dar aos alunos uma &#8230;<\/p>\n","protected":false},"author":1,"featured_media":12679,"comment_status":"closed","ping_status":"open","sticky":false,"template":"","format":"standard","meta":{"pgc_meta":"","_monsterinsights_skip_tracking":false,"_monsterinsights_sitenote_active":false,"_monsterinsights_sitenote_note":"","_monsterinsights_sitenote_category":0,"iawp_total_views":3,"footnotes":""},"categories":[95],"tags":[],"class_list":["post-12677","post","type-post","status-publish","format-standard","has-post-thumbnail","hentry","category-noticias1718"],"_links":{"self":[{"href":"https:\/\/www.csmiguel.pt\/web\/wp-json\/wp\/v2\/posts\/12677"}],"collection":[{"href":"https:\/\/www.csmiguel.pt\/web\/wp-json\/wp\/v2\/posts"}],"about":[{"href":"https:\/\/www.csmiguel.pt\/web\/wp-json\/wp\/v2\/types\/post"}],"author":[{"embeddable":true,"href":"https:\/\/www.csmiguel.pt\/web\/wp-json\/wp\/v2\/users\/1"}],"replies":[{"embeddable":true,"href":"https:\/\/www.csmiguel.pt\/web\/wp-json\/wp\/v2\/comments?post=12677"}],"version-history":[{"count":1,"href":"https:\/\/www.csmiguel.pt\/web\/wp-json\/wp\/v2\/posts\/12677\/revisions"}],"predecessor-version":[{"id":12680,"href":"https:\/\/www.csmiguel.pt\/web\/wp-json\/wp\/v2\/posts\/12677\/revisions\/12680"}],"wp:featuredmedia":[{"embeddable":true,"href":"https:\/\/www.csmiguel.pt\/web\/wp-json\/wp\/v2\/media\/12679"}],"wp:attachment":[{"href":"https:\/\/www.csmiguel.pt\/web\/wp-json\/wp\/v2\/media?parent=12677"}],"wp:term":[{"taxonomy":"category","embeddable":true,"href":"https:\/\/www.csmiguel.pt\/web\/wp-json\/wp\/v2\/categories?post=12677"},{"taxonomy":"post_tag","embeddable":true,"href":"https:\/\/www.csmiguel.pt\/web\/wp-json\/wp\/v2\/tags?post=12677"}],"curies":[{"name":"wp","href":"https:\/\/api.w.org\/{rel}","templated":true}]}}